[{"@context":"https:\/\/schema.org\/","@type":"Article","@id":"https:\/\/www.merstr.cz\/moda-v-poslednich-letech\/#Article","mainEntityOfPage":"https:\/\/www.merstr.cz\/moda-v-poslednich-letech\/","headline":"M\u00f3da v posledn\u00edch letech.","name":"M\u00f3da v posledn\u00edch letech.","description":"M\u00f3da je aktu\u00e1ln\u00ed trend oble\u010den\u00ed a dopl\u0148k\u016f, kter\u00fd koluje po<span class=\"more-button\"><a href=\"https:\/\/www.merstr.cz\/moda-v-poslednich-letech\/\" class=\"more-link\">P\u0159e\u010d\u00edst \u010dl\u00e1nek<span class=\"screen-reader-text\">M\u00f3da v posledn\u00edch letech.<\/span><\/a><\/span>","datePublished":"2022-03-23","dateModified":"2023-04-29","author":{"@type":"Person","@id":"https:\/\/www.merstr.cz\/author\/#Person","name":"","url":"https:\/\/www.merstr.cz\/author\/","identifier":1,"image":{"@type":"ImageObject","@id":"https:\/\/secure.gravatar.com\/avatar\/b682f75cb96d085fca5fbc8ca3f08e323444e236f6e6028585b73de81c46f711?s=96&d=mm&r=g","url":"https:\/\/secure.gravatar.com\/avatar\/b682f75cb96d085fca5fbc8ca3f08e323444e236f6e6028585b73de81c46f711?s=96&d=mm&r=g","height":96,"width":96}},"publisher":{"@type":"Organization","name":"merstr.cz","logo":{"@type":"ImageObject","@id":"\/logo.png","url":"\/logo.png","width":600,"height":60}},"image":{"@type":"ImageObject","@id":"https:\/\/www.merstr.cz\/wp-content\/uploads\/beauty-portrait-of-afro-woman-girl-looking-at-camera-picture-id1311080961.jpg","url":"https:\/\/www.merstr.cz\/wp-content\/uploads\/beauty-portrait-of-afro-woman-girl-looking-at-camera-picture-id1311080961.jpg","height":0,"width":0},"url":"https:\/\/www.merstr.cz\/moda-v-poslednich-letech\/","about":["M\u00f3da"],"wordCount":431,"articleBody":"M\u00f3da je aktu\u00e1ln\u00ed trend oble\u010den\u00ed a dopl\u0148k\u016f, kter\u00fd koluje po sv\u011bt\u011b. M\u00f3da u\u017e je s n\u00e1mi od ran\u00e9ho v\u011bku, n\u011bkdo ji \u0159e\u0161\u00ed v\u00edce, n\u011bkdo zase m\u00e9n\u011b. M\u00f3da se ale m\u016f\u017ee li\u0161it a to podle n\u00e1rodu, kultur, v\u011bkov\u00e9 kategorii a na\u0161li by jsme je\u0161t\u011b mnoho d\u016fvod\u016f. M\u00f3da se li\u0161\u00ed tak\u00e9 ka\u017ed\u00fdm rokem \u010di lidmi, kter\u00e9 maj\u00ed velk\u00fd\u00a0vliv na velkou skupinu lid\u00ed.Trendy v minul\u00e9m roce-kalhoty \u010di firle, kter\u00e9 m\u011bli roz\u0161\u00ed\u0159en\u00ed na konci nohavic (naz\u00fdvaj\u00ed se b\u011b\u017en\u011b zvon\u00e1\u010de)-ko\u017een\u00e9 v\u011bci, nap\u0159. lehk\u00e9 bundi\u010dky, kalhoty, leg\u00edny)-oversize v\u011bci (mikiny, tri\u010dka, tepl\u00e1ky&#8230;)-cargo kalhoty-nude barvy na oble\u010den\u00ed, (sv\u011btle hn\u011bd\u00e1, b\u00e9\u017eov\u00e1, hn\u011bd\u00e1)\u00a0-dal\u0161\u00edm velk\u00fdm trendem byly tepl\u00e1kov\u00e1 soupravyM\u00f3da m\u00e1 mnoho podob, ale v posledn\u00edch letech lid\u00e9 r\u00e1di kombinuj\u00ed le\u017e\u00e9rn\u00ed styl se sportovn\u00edm stylem atd.\u00a0U dopl\u0148k\u016f toho zase tak moc nen\u00ed, ale posledn\u00edm velk\u00fdm trendem byly podle m\u011b prst\u00fdnky, kter\u00fdch muselo b\u00fdt na ruce v\u00edce a potom masivn\u011bj\u0161\u00ed n\u00e1ramky a \u0159et\u00edzky, kter\u00e9 se nosili i na kalhot\u00e1ch, tento trend koluje, ale sp\u00ed\u0161e u mlad\u00fdch \u010di puber\u0165\u00e1k\u016fSpousta lidi se m\u00f3d\u011b v\u011bnuje a mohli jste je sly\u0161et \u0159\u00edkat slovo m\u00f3dn\u00ed policie-to znamen\u00e1, \u017ee rozeb\u00edraj\u00ed\u00a0V\u00e1\u0161 outfit (=to co m\u00e1te zrovna na sob\u011b), jako celek, rozeb\u00edraj\u00ed\u00a0jednotliv\u00e9 kousky, jestli se k sob\u011b hod\u00ed, \u0159eknou V\u00e1m co rozhodn\u011b nen\u00ed podle nich hezk\u00e9 a co by jste si p\u0159\u00ed\u0161t\u011b d\u00e1t m\u011bli \u010di nem\u011bi.Kdy\u017e zavzpom\u00edn\u00e1te, nebo se pod\u00edv\u00e1te na fotky, ur\u010dit\u011b si mnoho z v\u00e1s \u0159ekne &#8222;Co jsem to m\u011bl na sob\u011b&#8220;, &#8222;Tohle jsem opravdu nosil\/a b\u011b\u017en\u011b? &#8222;, &#8222;Pro\u010d mi to n\u011bkdo nezak\u00e1zal nosit?&#8220; jenom\u017ee prost\u011b v t\u00e9 dob\u011b to bylo trendy, lid\u00e9 to kupovali, V\u00e1\u0161 obl\u00edben\u00fd zp\u011bv\u00e1k \u010di here\u010dka to nosila, tak vy jste museli tak\u00e9.M\u00f3da se \u0159e\u0161\u00ed z d\u016fvodu toho, \u017ee lidem z\u00e1le\u017e\u00ed na jejich vzhledu. A p\u0159eci oble\u010den\u00ed, kter\u00e9 nos\u00edte d\u011bl\u00e1 ten koncov\u00fd dojem. Hodn\u011b lid\u00ed si vyb\u00edr\u00e1 sv\u00e9ho partnera i podle jeho \u0161atn\u00edku a vkusu. Hold ka\u017ed\u00fd to m\u00e1me jinak nastaven\u00e9, proto by jsme, ale nem\u011bli soudit druh\u00e9ho podle toho co m\u00e1 na sob\u011b.\u00a0                                                                                                                                                                                                                                                                                                                                                                                        4.7\/5 - (12 votes)        "},{"@context":"https:\/\/schema.org\/","@type":"BreadcrumbList","itemListElement":[{"@type":"ListItem","position":1,"name":"M\u00f3da v posledn\u00edch letech.","item":"https:\/\/www.merstr.cz\/moda-v-poslednich-letech\/#breadcrumbitem"}]}]