[{"@context":"https:\/\/schema.org\/","@type":"Article","@id":"https:\/\/www.merstr.cz\/budu-v-politice\/#Article","mainEntityOfPage":"https:\/\/www.merstr.cz\/budu-v-politice\/","headline":"Budu v politice?","name":"Budu v politice?","description":"V\u017edycky jsem si \u0159\u00edkala, co je to na politice tak<span class=\"more-button\"><a href=\"https:\/\/www.merstr.cz\/budu-v-politice\/\" class=\"more-link\">P\u0159e\u010d\u00edst \u010dl\u00e1nek<span class=\"screen-reader-text\">Budu v politice?<\/span><\/a><\/span>","datePublished":"2022-04-23","dateModified":"2023-04-29","author":{"@type":"Person","@id":"https:\/\/www.merstr.cz\/author\/#Person","name":"","url":"https:\/\/www.merstr.cz\/author\/","identifier":1,"image":{"@type":"ImageObject","@id":"https:\/\/secure.gravatar.com\/avatar\/b682f75cb96d085fca5fbc8ca3f08e323444e236f6e6028585b73de81c46f711?s=96&d=mm&r=g","url":"https:\/\/secure.gravatar.com\/avatar\/b682f75cb96d085fca5fbc8ca3f08e323444e236f6e6028585b73de81c46f711?s=96&d=mm&r=g","height":96,"width":96}},"publisher":{"@type":"Organization","name":"merstr.cz","logo":{"@type":"ImageObject","@id":"\/logo.png","url":"\/logo.png","width":600,"height":60}},"image":{"@type":"ImageObject","@id":"https:\/\/www.merstr.cz\/wp-content\/uploads\/hands-3331229_960_720.jpg","url":"https:\/\/www.merstr.cz\/wp-content\/uploads\/hands-3331229_960_720.jpg","height":0,"width":0},"url":"https:\/\/www.merstr.cz\/budu-v-politice\/","about":["Politika"],"wordCount":429,"articleBody":"V\u017edycky jsem si \u0159\u00edkala, co je to na politice tak zaj\u00edmav\u00e9ho. Jednou jsem si \u0159ekla, \u017ee se na n\u011bjakou politickou sc\u00e9nku a na n\u011bjak\u00fd politick\u00fd po\u0159\u00e1d pod\u00edv\u00e1m. Cht\u011bla jsem toti\u017e zjistit, co je na tom tak obdivuhodn\u00e9ho a zaj\u00edmav\u00e9ho, proto\u017ee jsem se dozv\u011bd\u011bla, \u017ee moje babi\u010dka a d\u011bda se velice zaj\u00edmaj\u00ed o politiku. \u0158ekla jsem si, co to asi tak m\u016f\u017ee b\u00fdt, pro\u010d se o tebe k zaj\u00edmaj\u00ed. A tak jsem si \u0159ekla, \u017ee se s nimi pod\u00edv\u00e1m na ve\u010dern\u00ed zpr\u00e1vy. A mus\u00edm \u0159\u00edct, \u017ee jsem ud\u011blala opravdu dob\u0159e. Abych pravdu \u0159ekla, taky tak jsem stejn\u011b nic moc nepochopila. Politika st\u00e1le pro m\u011b byla takov\u00e1 velk\u00e1 nezn\u00e1m\u00e1, kter\u00e1 mi ne\u0161la n\u011bjak pochopit.Kdy\u017e jsem se d\u00edvala v televizi na n\u011bjak\u00e9 politick\u00e9 report\u00e1\u017ee, tak tam v\u017edycky byli v\u011bt\u0161inou lid\u00e9, kte\u0159\u00ed se pouze h\u00e1dali mezi sebou. Tak\u017ee to m\u00e1m br\u00e1t tak, \u017ee politika je pouze o lidech, kte\u0159\u00ed se h\u00e1daj\u00ed? Proto\u017ee p\u0159izn\u00e1m se, opravdu nic pozitivn\u00edho jsem v televizi nevid\u011bla. To jsem se rad\u011bji mohla koukat t\u0159eba na n\u011bjak\u00fd Ve\u010dern\u00ed\u010dek anebo na n\u011bjak\u00e9 voloviny, st\u00e1le by to bylo lep\u0161\u00ed ne\u017e n\u011bjak\u00e9 politick\u00e9 koment\u00e1\u0159e.Nev\u011bd\u011bla jsem, co tedy na tom m\u00ed prarodi\u010de maj\u00ed. A a\u017e o n\u011bkolik let pozd\u011bji jsem se dozv\u011bd\u011bla, \u017ee to docela d\u016fle\u017eit\u00e9. Proto\u017ee kv\u016fli politice taky m\u00e1me takovou ekonomiku, jakou m\u00e1me dnes. A j\u00e1 si mysl\u00edm, \u017ee to moc velk\u00e1 v\u00fdhra nen\u00ed. To, \u017ee m\u00e1me takovou vl\u00e1du a politiku nen\u00ed nic extra. A vy byste cht\u011bli jenom politiku a jinou vl\u00e1du? Nebo v\u00e1m vyhovuje dne\u0161n\u00ed vl\u00e1da? Je opravdu mnoho lid\u00ed a tak\u00e9 mnoho n\u00e1zor\u016f, \u017ee je jasn\u00e9, \u017ee nikdy se neshodnou na jedn\u00e9 v\u011bci. V\u017edycky bude n\u011bkdo, kdo vystr\u010d\u00ed r\u016f\u017eky. A o tomhle politika je. V politice se to\u00a0hem\u017e\u00ed\u00a0lidmi, kte\u0159\u00ed cht\u011bj\u00ed b\u00fdt vid\u011bt a d\u011blaj\u00ed v\u011bt\u0161inou z kom\u00e1ra velblouda. M\u00e1m s t\u00edm zku\u0161enosti,\u00a0proto\u017ee\u00a0posledn\u00ed dobou se o politiku dost zaj\u00edm\u00e1m, proto\u017ee mi\u00a0p\u0159ijde\u00a0hodn\u011b\u00a0vtipn\u00e1. A\u00a0t\u0159eba\u00a0jednoho\u00a0dne se ze m\u011b stane politi\u010dka. Kdov\u00ed, co n\u00e1m \u017eivot p\u0159inese.                                                                                                                                                                                                                                                                                                                                                                                        4.6\/5 - (7 votes)        "},{"@context":"https:\/\/schema.org\/","@type":"BreadcrumbList","itemListElement":[{"@type":"ListItem","position":1,"name":"Budu v politice?","item":"https:\/\/www.merstr.cz\/budu-v-politice\/#breadcrumbitem"}]}]